{"id":9000,"date":"2022-09-29T08:46:27","date_gmt":"2022-09-29T06:46:27","guid":{"rendered":"https:\/\/www.andersonmacgyver.com\/?p=9000"},"modified":"2022-10-12T16:08:48","modified_gmt":"2022-10-12T14:08:48","slug":"gerard-wijers-en-marcel-krom-over-samenwerking","status":"publish","type":"post","link":"https:\/\/www.andersonmacgyver.com\/nl\/interview-nl\/gerard-wijers-en-marcel-krom-over-samenwerking\/","title":{"rendered":"&#8216;Meer tijd voor het creative deel van transformaties&#8217;"},"content":{"rendered":"\n<blockquote class=\"wp-block-quote is-layout-flow wp-block-quote-is-layout-flow\"><p><a href=\"https:\/\/www.andersonmacgyver.com\/nl\/team\/marcel-krom\/\" target=\"_blank\" rel=\"noreferrer noopener\"><strong>Marcel K<\/strong><\/a><strong><a href=\"https:\/\/www.andersonmacgyver.com\/nl\/team\/marcel-krom\/\" target=\"_blank\" rel=\"noreferrer noopener\">rom<\/a> stond als CIO van PostNL aan de basis van een succesvolle transformatie naar een digitale onderneming. Hij was de drijvende kracht achter technologische oplossingen voor het optimaliseren van (keten)processen en klantbeleving. Na bijna dertien jaar CIO-schap gaat hij parttime aan de slag als consultant. <a href=\"https:\/\/www.andersonmacgyver.com\/nl\/team\/gerard-wijers\/\" target=\"_blank\" rel=\"noreferrer noopener\">Gerard Wijers<\/a>, directeur en medeoprichter van Anderson MacGyver, en Marcel Krom vertellen over het waarom, wat en hoe van deze samenwerking.&nbsp;<\/strong><\/p><\/blockquote>\n\n\n\n<p>\u201cZo\u2019n besluit neem je niet zomaar\u201d, vertelt de oud-CIO over de carri\u00e8reswitch. \u201cPostNL is een mooi bedrijf met geweldige mensen. Ik had het daar zeker nog een paar jaar tot mijn pensioen kunnen volhouden. Dan zou mijn afscheidsrede vooral over PostNL zijn gegaan, terwijl ik vaak genoeg buiten de bedrijfsmuren kwam om te weten dat er meer is. Om dat allemaal te kunnen ontdekken en verkennen had ik vrijheid en tijd nodig. Ik heb vervolgens een vertrekdatum geprikt, die twee keer is uitgesteld. Het duurde namelijk even voor mijn opvolger gevonden werd en ik wilde alles goed overdragen.\u201d&nbsp;<\/p>\n\n\n\n<p>Krom koos bewust niet voor een nieuwe CIO-rol, want dan zou hij wederom langdurig in \u00e9\u00e9n domein zitten. Hij wil zich breder ontwikkelen, ervaringen opdoen in verschillende industrie\u00ebn en functies. \u201cAls CIO ben je naast de digitale bedrijfsstrategie ook 7&#215;24 uur operationeel verantwoordelijk. Als de IT het niet doet, werkt namelijk niets meer. Wanneer je duizend systemen hebt, en die hebben allemaal drie keer per jaar een probleem, dan weet je dat je continu te maken hebt met operationele sores.\u201d&nbsp;<\/p>\n\n\n\n<h2 class=\"wp-block-heading\">Vertaling maken<\/h2>\n\n\n\n<p>Hij wilde meer tijd voor het creatieve deel: vanuit de bedrijfsactiviteiten de vertaling maken naar de enterprise architectuur en vervolgens de IT-architectuur. Digitale transformaties beginnen wat hem betreft bij de business en eindigen via het operating model bij IT. Die drie pijlers komen als het goed is samen in de architectuur. \u201cDat vormt voor mij de kern\u201d, aldus Krom, die voor zijn aanstelling als CIO ruim tien jaar leidende posities had bij de in klantcontact gespecialiseerde PostNL-dochter Cendris.&nbsp;<\/p>\n\n\n\n<p>Vervolgens is hij aftastende gesprekken gaan voeren met diverse consultancypartijen. \u201cDan kom je al snel voor de afweging: in Nederland of internationaal? Ik voelde er sowieso weinig voor om voortdurend in een vliegtuig te zitten. Maar ook: sluiten de cultuur en de methodiek aan bij mijn eigen opvattingen? Ik wilde twee dagen per week als adviseur gaan werken om daarnaast genoeg tijd te hebben voor andere activiteiten.\u201d Krom is sinds 2020 commissaris bij Facilicom Group.&nbsp;<\/p>\n\n\n\n<p>\u201cMarcel belde me vorig najaar dat hij ging stoppen\u201d, vertelt Gerard Wijers van Anderson MacGyver. \u201cWij stonden op zijn shortlist en hij was benieuwd hoe het bij ons werkte. Consultants komen hier bij voorkeur in vaste dienst, met oog op onze zelf ontwikkelde aanpak en concepten \u2013 ons intellectuele eigendom. Aansluiten als associate kan in specifieke gevallen. Maar iedereen volgt hetzelfde opleidingsprogramma, doet mee met inhoudelijke overleggen, trainingen, teambuilding-initiatieven enzovoorts. Ongeacht iemands achtergrond, competenties of rol.\u201d Die duidelijkheid sprak Krom wel aan. \u201cHet is een groot voordeel dat we binnen PostNL nauw en plezierig hebben samengewerkt.\u201d&nbsp;<\/p>\n\n\n\n<h2 class=\"wp-block-heading\">Juiste match&nbsp;<\/h2>\n\n\n\n<p>Anderson MacGyver bleek inderdaad de juiste match, zo vertelt de oud-CIO. \u201cWe kennen inderdaad elkaar al langer. Ze hebben goed doordachte modellen en standaardaanpakken voor succesvolle digitale transformaties. Denk aan het Operating Model Canvas en de multimodale analyse om operatie en IT optimaal af te stemmen op de business. Of het Value Web, dat inzicht geeft in de toegevoegde waarde van een organisatie binnen een markt of ecosysteem. Anderson MacGyver is bovendien niet zo groot, menselijk en met beide benen op de grond.\u201d&nbsp;<\/p>\n\n\n\n<p>Los van het gedachtegoed en de methoden heeft het zich internationaal ontwikkelende adviesbedrijf inderdaad een kenmerkende signatuur: familiair, authentiek, gepassioneerd en vastbesloten impact te hebben voor klanten. Wijers: \u201cDat past goed bij Marcel. Hij is bij uitstek iemand die in een goede sfeer voorwaarts wil. Daarnaast heeft hij gezien dat we alleen met de beste mensen werken. Dat is een jas die past en goed voelt, zowel voor hem als voor ons.\u201d&nbsp;<\/p>\n\n\n\r\n\r\n\r\n<div class=\"block_31\">\r\r\n\t<div class=\"container p-0\">\r\r\n        <div class=\"row\">\r\r\n            <div class=\"col-lg-12\">\r\r\n                <div class=\"block_31_inner\">\r\r\n                    <svg class=\"block_31_img_top_left\" width=\"436px\" height=\"178px\" viewBox=\"0 0 436 178\" version=\"1.1\" xmlns=\"http:\/\/www.w3.org\/2000\/svg\" xmlns:xlink=\"http:\/\/www.w3.org\/1999\/xlink\">\r\r\n                        <g id=\"Webdesign-desktop\" stroke=\"none\" stroke-width=\"1\" fill=\"none\" fill-rule=\"evenodd\">\r\r\n                            <g id=\"Article-(knowledge\/client-case)\" transform=\"translate(-239.000000, -1699.000000)\" fill=\"#eddad3\" fill-rule=\"nonzero\">\r\r\n                                <g id=\"Group-23\" transform=\"translate(239.995690, 1699.000000)\">\r\r\n                                    <path d=\"M434.741797,0 C377.732955,105.685068 266.005271,177.5 137.50431,177.5 C88.5334658,177.5 41.9986388,167.070171 9.30810984e-13,148.310684 L9.30810984e-13,0 L434.741797,0 Z\" id=\"circle_top-left\"><\/path>\r\r\n                                <\/g>\r\r\n                            <\/g>\r\r\n                        <\/g>\r\r\n                    <\/svg>\r\r\n                    <div class=\"block_31_table\">\r\r\n                        <table>\r\r\n                            <tr>\r\r\n                                <td>\r\r\n                                    <div class=\"quote_icon\" style=\"background:#ec6608;\"><i class=\"fas fa-quote-left\"><\/i><\/div>\r\r\n                                <\/td>\r\r\n                                <td>\r\r\n                                    <h2 class=\"quote_title\"><span>&#8220;<\/span>Marcel is bij uitstek iemand die in een goede sfeer voorwaarts wil.<span>&#8220;<\/span><\/h2>\r\r\n                                    \r\n                                        <b class=\"quote_name\">Gerard Wijers &#8211; Director and co-founder of Anderson MacGyver<\/b>\r\r\n                                    \r\n                                <\/td>\r\r\n                            <\/tr>\r\r\n                        <\/table>\r\r\n                    <\/div>\r\r\n                    <svg class=\"block_31_img_bottom_right\" width=\"439px\" height=\"185px\" viewBox=\"0 0 439 185\" version=\"1.1\" xmlns=\"http:\/\/www.w3.org\/2000\/svg\" xmlns:xlink=\"http:\/\/www.w3.org\/1999\/xlink\">\r\r\n                        <g id=\"Webdesign-desktop\" stroke=\"none\" stroke-width=\"1\" fill=\"none\" fill-rule=\"evenodd\">\r\r\n                            <g id=\"Article-(knowledge\/client-case)\" transform=\"translate(-751.000000, -1724.000000)\" fill=\"#eddad3\" fill-rule=\"nonzero\">\r\r\n                                <g id=\"Group-23\" transform=\"translate(239.995690, 1699.000000)\">\r\r\n                                    <path d=\"M812.50431,25.5 C861.474765,25.5 908.009241,35.9296631 950.007618,54.6888683 L950.007618,210 L511.598404,209.995081 C567.387225,100.496723 681.187556,25.5 812.50431,25.5 Z\" id=\"circle_bottom-right\"><\/path>\r\r\n                                <\/g>\r\r\n                            <\/g>\r\r\n                        <\/g>\r\r\n                    <\/svg>\r\r\n                <\/div>\r\r\n            <\/div>\r\r\n        <\/div>\r\r\n\t<\/div>\r\r\n<\/div>\r\r\n\n\n\n<p>De helft van zijn tijd doet Marcel Krom andersoortig werk; zaken die niet per definitie passen bij de strategie en activiteiten van Anderson MacGyver. Bijvoorbeeld in een land of gebied waar men niet actief is of iets binnen een totaal ander domein. \u201cWaar mogelijk zal ik altijd iets samen met Anderson MacGyver of andere partijen doen. Zelf kan je misschien wel snel denken \u2013 die kant moet het op \u2013 maar alleen kom je niet ver. Samenwerking en het verbinden van bedrijven zorgt voor snelheid en maakt het schaalbaar.\u201d&nbsp;<\/p>\n\n\n\n<p>Binnen Anderson MacGyver heeft de CIO of the Year van 2020 geen aparte status of rol, maar is op 1 september van dit jaar \u2018gewoon\u2019 gestart als associate. \u201cWe hebben afgelopen zomer samen een traject gedaan en dat ging vlekkeloos. We laten het zich allemaal organisch ontwikkelen. Creatiever, minder operationeel en in verschillende omgevingen.\u201d&nbsp;<\/p>\n\n\n\n<h2 class=\"wp-block-heading\">Organisch ontwikkelen&nbsp;<\/h2>\n\n\n\n<p>Gerard Wijers: \u201cDat Marcel zich bij ons heeft aangesloten zegt wel iets over waar we staan als bedrijf. Hij is een van de bekendste en hoogst aangeschreven CIO\u2019s. Naast zijn statuur heeft hij een sterke persoonlijkheid. Als mens en als professional kan hij ons veel brengen. We zijn superblij en trots dat Marcel voor ons gekozen heeft. Onze impact bij klanten wordt met zijn kennis en ervaring nog groter.\u201d&nbsp;<\/p>\n\n\n\n<p>Anderson MacGyver blijft trouw aan de beproefde modellen en methoden waarmee uitdagende puzzels voor klanten worden opgelost. \u201cDat doen we doorgaans in samenspraak, met zorgvuldig samengestelde teams en met oog voor zowel de businessactiviteiten, het operating model als de IT-architectuur\u201d, aldus de directeur en medeoprichter.&nbsp;<\/p>\n\n\n\n<p>\u201cWe staan aan de top als het gaat om digitale strategie\u00ebn en transformaties. We werken voor klanten als Leaseplan, PostNL, Eneco en andere grote Nederlandse bedrijven. In de Nordics adviseren we onder meer Scania. Vaak adviseren we bij trajecten die enorme ingrepen en investeringen vragen. Ook kleine klanten vinden we interessant. Het belangrijkste is dat we onze creativiteit en ons vakmanschap kwijt kunnen.\u201d&nbsp;<\/p>\n\n\n\n<h2 class=\"wp-block-heading\">Mens en planeet<\/h2>\n\n\n\n<p>Bij PostNL draaide de transformatie in de basis om het bedrijf bestand te maken tegen veranderingen. Gezien de cruciale rol was dat een economisch en maatschappelijk zeer zinvolle ambitie. \u201cJe merkte dat aan de betrokkenheid en energie bij mensen die bij PostNL werken\u201d, vertelt Marcel Krom. \u201cIedereen wilde laten zien dat deze enorme transformatie mogelijk was. Voor zulke opdrachten wil ik meer de gelegenheid hebben. Weten wat er speelt, en weten wat er moet veranderen, met oog voor de mens en planeet.\u201d&nbsp;<\/p>\n\n\n\n<p><strong>Ge\u00efnteresseerd in de oplossingen van Anderson MacGyver voor digitale diensten?<\/strong><\/p>\n\n\n\n<p>Neem <a href=\"https:\/\/www.andersonmacgyver.com\/contact\/\">contact<\/a> op met onze specialisten! Wij zijn u graag van dienst.<\/p>\n","protected":false},"excerpt":{"rendered":"<p>Marcel Krom stond als CIO van PostNL aan de basis van een succesvolle transformatie naar een digitale onderneming. Hij was de drijvende kracht achter technologische oplossingen voor het optimaliseren van (keten)processen en klantbeleving. Na bijna dertien jaar CIO-schap gaat hij parttime aan de slag als consultant. Gerard Wijers, directeur en medeoprichter van Anderson MacGyver, en [&hellip;]<\/p>\n","protected":false},"author":10,"featured_media":8823,"comment_status":"closed","ping_status":"closed","sticky":false,"template":"","format":"standard","meta":{"_acf_changed":false,"content-type":"","footnotes":""},"categories":[130],"tags":[],"class_list":["post-9000","post","type-post","status-publish","format-standard","has-post-thumbnail","hentry","category-interview-nl"],"acf":[],"yoast_head":"<!-- This site is optimized with the Yoast SEO plugin v27.5 - https:\/\/yoast.com\/product\/yoast-seo-wordpress\/ -->\n<title>Marcel Krom gaat samenwerken met Anderson MacGyver<\/title>\n<meta name=\"description\" content=\"Gerard Wijers, medeoprichter van Anderson MacGyver, en Marcel Krom, award-winning CIO, vertellen over de samenwerking; waarom, wat en hoe?\" \/>\n<meta name=\"robots\" content=\"index, follow, max-snippet:-1, max-image-preview:large, max-video-preview:-1\" \/>\n<link rel=\"canonical\" href=\"https:\/\/www.andersonmacgyver.com\/nl\/interview-nl\/gerard-wijers-en-marcel-krom-over-samenwerking\/\" \/>\n<meta property=\"og:locale\" content=\"nl_NL\" \/>\n<meta property=\"og:type\" content=\"article\" \/>\n<meta property=\"og:title\" content=\"Marcel Krom gaat samenwerken met Anderson MacGyver\" \/>\n<meta property=\"og:description\" content=\"Gerard Wijers, medeoprichter van Anderson MacGyver, en Marcel Krom, award-winning CIO, vertellen over de samenwerking; waarom, wat en hoe?\" \/>\n<meta property=\"og:url\" content=\"https:\/\/www.andersonmacgyver.com\/nl\/interview-nl\/gerard-wijers-en-marcel-krom-over-samenwerking\/\" \/>\n<meta property=\"og:site_name\" content=\"Anderson MacGyver\" \/>\n<meta property=\"article:published_time\" content=\"2022-09-29T06:46:27+00:00\" \/>\n<meta property=\"article:modified_time\" content=\"2022-10-12T14:08:48+00:00\" \/>\n<meta property=\"og:image\" content=\"https:\/\/www.andersonmacgyver.com\/wp-content\/uploads\/2022\/09\/Rik-Gerard-en-Marcel-achtergrond.png\" \/>\n\t<meta property=\"og:image:width\" content=\"1880\" \/>\n\t<meta property=\"og:image:height\" content=\"640\" \/>\n\t<meta property=\"og:image:type\" content=\"image\/png\" \/>\n<meta name=\"author\" content=\"Ian Jongste\" \/>\n<meta name=\"twitter:card\" content=\"summary_large_image\" \/>\n<meta name=\"twitter:label1\" content=\"Geschreven door\" \/>\n\t<meta name=\"twitter:data1\" content=\"Ian Jongste\" \/>\n\t<meta name=\"twitter:label2\" content=\"Geschatte leestijd\" \/>\n\t<meta name=\"twitter:data2\" content=\"5 minuten\" \/>\n<script type=\"application\/ld+json\" class=\"yoast-schema-graph\">{\"@context\":\"https:\\\/\\\/schema.org\",\"@graph\":[{\"@type\":\"Article\",\"@id\":\"https:\\\/\\\/www.andersonmacgyver.com\\\/nl\\\/interview-nl\\\/gerard-wijers-en-marcel-krom-over-samenwerking\\\/#article\",\"isPartOf\":{\"@id\":\"https:\\\/\\\/www.andersonmacgyver.com\\\/nl\\\/interview-nl\\\/gerard-wijers-en-marcel-krom-over-samenwerking\\\/\"},\"author\":{\"name\":\"Ian Jongste\",\"@id\":\"https:\\\/\\\/www.andersonmacgyver.com\\\/nl\\\/#\\\/schema\\\/person\\\/3f0fc70b87aac2046babbe5067ef9666\"},\"headline\":\"&#8216;Meer tijd voor het creative deel van transformaties&#8217;\",\"datePublished\":\"2022-09-29T06:46:27+00:00\",\"dateModified\":\"2022-10-12T14:08:48+00:00\",\"mainEntityOfPage\":{\"@id\":\"https:\\\/\\\/www.andersonmacgyver.com\\\/nl\\\/interview-nl\\\/gerard-wijers-en-marcel-krom-over-samenwerking\\\/\"},\"wordCount\":1108,\"image\":{\"@id\":\"https:\\\/\\\/www.andersonmacgyver.com\\\/nl\\\/interview-nl\\\/gerard-wijers-en-marcel-krom-over-samenwerking\\\/#primaryimage\"},\"thumbnailUrl\":\"https:\\\/\\\/www.andersonmacgyver.com\\\/wp-content\\\/uploads\\\/2022\\\/09\\\/Rik-Gerard-en-Marcel-achtergrond.png\",\"articleSection\":[\"Interviews\"],\"inLanguage\":\"nl-NL\"},{\"@type\":\"WebPage\",\"@id\":\"https:\\\/\\\/www.andersonmacgyver.com\\\/nl\\\/interview-nl\\\/gerard-wijers-en-marcel-krom-over-samenwerking\\\/\",\"url\":\"https:\\\/\\\/www.andersonmacgyver.com\\\/nl\\\/interview-nl\\\/gerard-wijers-en-marcel-krom-over-samenwerking\\\/\",\"name\":\"Marcel Krom gaat samenwerken met Anderson MacGyver\",\"isPartOf\":{\"@id\":\"https:\\\/\\\/www.andersonmacgyver.com\\\/nl\\\/#website\"},\"primaryImageOfPage\":{\"@id\":\"https:\\\/\\\/www.andersonmacgyver.com\\\/nl\\\/interview-nl\\\/gerard-wijers-en-marcel-krom-over-samenwerking\\\/#primaryimage\"},\"image\":{\"@id\":\"https:\\\/\\\/www.andersonmacgyver.com\\\/nl\\\/interview-nl\\\/gerard-wijers-en-marcel-krom-over-samenwerking\\\/#primaryimage\"},\"thumbnailUrl\":\"https:\\\/\\\/www.andersonmacgyver.com\\\/wp-content\\\/uploads\\\/2022\\\/09\\\/Rik-Gerard-en-Marcel-achtergrond.png\",\"datePublished\":\"2022-09-29T06:46:27+00:00\",\"dateModified\":\"2022-10-12T14:08:48+00:00\",\"author\":{\"@id\":\"https:\\\/\\\/www.andersonmacgyver.com\\\/nl\\\/#\\\/schema\\\/person\\\/3f0fc70b87aac2046babbe5067ef9666\"},\"description\":\"Gerard Wijers, medeoprichter van Anderson MacGyver, en Marcel Krom, award-winning CIO, vertellen over de samenwerking; waarom, wat en hoe?\",\"inLanguage\":\"nl-NL\",\"potentialAction\":[{\"@type\":\"ReadAction\",\"target\":[\"https:\\\/\\\/www.andersonmacgyver.com\\\/nl\\\/interview-nl\\\/gerard-wijers-en-marcel-krom-over-samenwerking\\\/\"]}]},{\"@type\":\"ImageObject\",\"inLanguage\":\"nl-NL\",\"@id\":\"https:\\\/\\\/www.andersonmacgyver.com\\\/nl\\\/interview-nl\\\/gerard-wijers-en-marcel-krom-over-samenwerking\\\/#primaryimage\",\"url\":\"https:\\\/\\\/www.andersonmacgyver.com\\\/wp-content\\\/uploads\\\/2022\\\/09\\\/Rik-Gerard-en-Marcel-achtergrond.png\",\"contentUrl\":\"https:\\\/\\\/www.andersonmacgyver.com\\\/wp-content\\\/uploads\\\/2022\\\/09\\\/Rik-Gerard-en-Marcel-achtergrond.png\",\"width\":1880,\"height\":640},{\"@type\":\"WebSite\",\"@id\":\"https:\\\/\\\/www.andersonmacgyver.com\\\/nl\\\/#website\",\"url\":\"https:\\\/\\\/www.andersonmacgyver.com\\\/nl\\\/\",\"name\":\"Anderson MacGyver\",\"description\":\"Data &amp; Technology organiseren\",\"potentialAction\":[{\"@type\":\"SearchAction\",\"target\":{\"@type\":\"EntryPoint\",\"urlTemplate\":\"https:\\\/\\\/www.andersonmacgyver.com\\\/nl\\\/?s={search_term_string}\"},\"query-input\":{\"@type\":\"PropertyValueSpecification\",\"valueRequired\":true,\"valueName\":\"search_term_string\"}}],\"inLanguage\":\"nl-NL\"},{\"@type\":\"Person\",\"@id\":\"https:\\\/\\\/www.andersonmacgyver.com\\\/nl\\\/#\\\/schema\\\/person\\\/3f0fc70b87aac2046babbe5067ef9666\",\"name\":\"Ian Jongste\",\"image\":{\"@type\":\"ImageObject\",\"inLanguage\":\"nl-NL\",\"@id\":\"https:\\\/\\\/secure.gravatar.com\\\/avatar\\\/e81ea8fcc3d543058adfe7960a34b0993e8473f0f260ef524bb0c0df4b539ce9?s=96&d=mm&r=g\",\"url\":\"https:\\\/\\\/secure.gravatar.com\\\/avatar\\\/e81ea8fcc3d543058adfe7960a34b0993e8473f0f260ef524bb0c0df4b539ce9?s=96&d=mm&r=g\",\"contentUrl\":\"https:\\\/\\\/secure.gravatar.com\\\/avatar\\\/e81ea8fcc3d543058adfe7960a34b0993e8473f0f260ef524bb0c0df4b539ce9?s=96&d=mm&r=g\",\"caption\":\"Ian Jongste\"},\"url\":\"https:\\\/\\\/www.andersonmacgyver.com\\\/nl\\\/author\\\/ian-jongste\\\/\"}]}<\/script>\n<!-- \/ Yoast SEO plugin. -->","yoast_head_json":{"title":"Marcel Krom gaat samenwerken met Anderson MacGyver","description":"Gerard Wijers, medeoprichter van Anderson MacGyver, en Marcel Krom, award-winning CIO, vertellen over de samenwerking; waarom, wat en hoe?","robots":{"index":"index","follow":"follow","max-snippet":"max-snippet:-1","max-image-preview":"max-image-preview:large","max-video-preview":"max-video-preview:-1"},"canonical":"https:\/\/www.andersonmacgyver.com\/nl\/interview-nl\/gerard-wijers-en-marcel-krom-over-samenwerking\/","og_locale":"nl_NL","og_type":"article","og_title":"Marcel Krom gaat samenwerken met Anderson MacGyver","og_description":"Gerard Wijers, medeoprichter van Anderson MacGyver, en Marcel Krom, award-winning CIO, vertellen over de samenwerking; waarom, wat en hoe?","og_url":"https:\/\/www.andersonmacgyver.com\/nl\/interview-nl\/gerard-wijers-en-marcel-krom-over-samenwerking\/","og_site_name":"Anderson MacGyver","article_published_time":"2022-09-29T06:46:27+00:00","article_modified_time":"2022-10-12T14:08:48+00:00","og_image":[{"width":1880,"height":640,"url":"https:\/\/www.andersonmacgyver.com\/wp-content\/uploads\/2022\/09\/Rik-Gerard-en-Marcel-achtergrond.png","type":"image\/png"}],"author":"Ian Jongste","twitter_card":"summary_large_image","twitter_misc":{"Geschreven door":"Ian Jongste","Geschatte leestijd":"5 minuten"},"schema":{"@context":"https:\/\/schema.org","@graph":[{"@type":"Article","@id":"https:\/\/www.andersonmacgyver.com\/nl\/interview-nl\/gerard-wijers-en-marcel-krom-over-samenwerking\/#article","isPartOf":{"@id":"https:\/\/www.andersonmacgyver.com\/nl\/interview-nl\/gerard-wijers-en-marcel-krom-over-samenwerking\/"},"author":{"name":"Ian Jongste","@id":"https:\/\/www.andersonmacgyver.com\/nl\/#\/schema\/person\/3f0fc70b87aac2046babbe5067ef9666"},"headline":"&#8216;Meer tijd voor het creative deel van transformaties&#8217;","datePublished":"2022-09-29T06:46:27+00:00","dateModified":"2022-10-12T14:08:48+00:00","mainEntityOfPage":{"@id":"https:\/\/www.andersonmacgyver.com\/nl\/interview-nl\/gerard-wijers-en-marcel-krom-over-samenwerking\/"},"wordCount":1108,"image":{"@id":"https:\/\/www.andersonmacgyver.com\/nl\/interview-nl\/gerard-wijers-en-marcel-krom-over-samenwerking\/#primaryimage"},"thumbnailUrl":"https:\/\/www.andersonmacgyver.com\/wp-content\/uploads\/2022\/09\/Rik-Gerard-en-Marcel-achtergrond.png","articleSection":["Interviews"],"inLanguage":"nl-NL"},{"@type":"WebPage","@id":"https:\/\/www.andersonmacgyver.com\/nl\/interview-nl\/gerard-wijers-en-marcel-krom-over-samenwerking\/","url":"https:\/\/www.andersonmacgyver.com\/nl\/interview-nl\/gerard-wijers-en-marcel-krom-over-samenwerking\/","name":"Marcel Krom gaat samenwerken met Anderson MacGyver","isPartOf":{"@id":"https:\/\/www.andersonmacgyver.com\/nl\/#website"},"primaryImageOfPage":{"@id":"https:\/\/www.andersonmacgyver.com\/nl\/interview-nl\/gerard-wijers-en-marcel-krom-over-samenwerking\/#primaryimage"},"image":{"@id":"https:\/\/www.andersonmacgyver.com\/nl\/interview-nl\/gerard-wijers-en-marcel-krom-over-samenwerking\/#primaryimage"},"thumbnailUrl":"https:\/\/www.andersonmacgyver.com\/wp-content\/uploads\/2022\/09\/Rik-Gerard-en-Marcel-achtergrond.png","datePublished":"2022-09-29T06:46:27+00:00","dateModified":"2022-10-12T14:08:48+00:00","author":{"@id":"https:\/\/www.andersonmacgyver.com\/nl\/#\/schema\/person\/3f0fc70b87aac2046babbe5067ef9666"},"description":"Gerard Wijers, medeoprichter van Anderson MacGyver, en Marcel Krom, award-winning CIO, vertellen over de samenwerking; waarom, wat en hoe?","inLanguage":"nl-NL","potentialAction":[{"@type":"ReadAction","target":["https:\/\/www.andersonmacgyver.com\/nl\/interview-nl\/gerard-wijers-en-marcel-krom-over-samenwerking\/"]}]},{"@type":"ImageObject","inLanguage":"nl-NL","@id":"https:\/\/www.andersonmacgyver.com\/nl\/interview-nl\/gerard-wijers-en-marcel-krom-over-samenwerking\/#primaryimage","url":"https:\/\/www.andersonmacgyver.com\/wp-content\/uploads\/2022\/09\/Rik-Gerard-en-Marcel-achtergrond.png","contentUrl":"https:\/\/www.andersonmacgyver.com\/wp-content\/uploads\/2022\/09\/Rik-Gerard-en-Marcel-achtergrond.png","width":1880,"height":640},{"@type":"WebSite","@id":"https:\/\/www.andersonmacgyver.com\/nl\/#website","url":"https:\/\/www.andersonmacgyver.com\/nl\/","name":"Anderson MacGyver","description":"Data &amp; Technology organiseren","potentialAction":[{"@type":"SearchAction","target":{"@type":"EntryPoint","urlTemplate":"https:\/\/www.andersonmacgyver.com\/nl\/?s={search_term_string}"},"query-input":{"@type":"PropertyValueSpecification","valueRequired":true,"valueName":"search_term_string"}}],"inLanguage":"nl-NL"},{"@type":"Person","@id":"https:\/\/www.andersonmacgyver.com\/nl\/#\/schema\/person\/3f0fc70b87aac2046babbe5067ef9666","name":"Ian Jongste","image":{"@type":"ImageObject","inLanguage":"nl-NL","@id":"https:\/\/secure.gravatar.com\/avatar\/e81ea8fcc3d543058adfe7960a34b0993e8473f0f260ef524bb0c0df4b539ce9?s=96&d=mm&r=g","url":"https:\/\/secure.gravatar.com\/avatar\/e81ea8fcc3d543058adfe7960a34b0993e8473f0f260ef524bb0c0df4b539ce9?s=96&d=mm&r=g","contentUrl":"https:\/\/secure.gravatar.com\/avatar\/e81ea8fcc3d543058adfe7960a34b0993e8473f0f260ef524bb0c0df4b539ce9?s=96&d=mm&r=g","caption":"Ian Jongste"},"url":"https:\/\/www.andersonmacgyver.com\/nl\/author\/ian-jongste\/"}]}},"_links":{"self":[{"href":"https:\/\/www.andersonmacgyver.com\/nl\/wp-json\/wp\/v2\/posts\/9000","targetHints":{"allow":["GET"]}}],"collection":[{"href":"https:\/\/www.andersonmacgyver.com\/nl\/wp-json\/wp\/v2\/posts"}],"about":[{"href":"https:\/\/www.andersonmacgyver.com\/nl\/wp-json\/wp\/v2\/types\/post"}],"author":[{"embeddable":true,"href":"https:\/\/www.andersonmacgyver.com\/nl\/wp-json\/wp\/v2\/users\/10"}],"replies":[{"embeddable":true,"href":"https:\/\/www.andersonmacgyver.com\/nl\/wp-json\/wp\/v2\/comments?post=9000"}],"version-history":[{"count":7,"href":"https:\/\/www.andersonmacgyver.com\/nl\/wp-json\/wp\/v2\/posts\/9000\/revisions"}],"predecessor-version":[{"id":9070,"href":"https:\/\/www.andersonmacgyver.com\/nl\/wp-json\/wp\/v2\/posts\/9000\/revisions\/9070"}],"wp:featuredmedia":[{"embeddable":true,"href":"https:\/\/www.andersonmacgyver.com\/nl\/wp-json\/wp\/v2\/media\/8823"}],"wp:attachment":[{"href":"https:\/\/www.andersonmacgyver.com\/nl\/wp-json\/wp\/v2\/media?parent=9000"}],"wp:term":[{"taxonomy":"category","embeddable":true,"href":"https:\/\/www.andersonmacgyver.com\/nl\/wp-json\/wp\/v2\/categories?post=9000"},{"taxonomy":"post_tag","embeddable":true,"href":"https:\/\/www.andersonmacgyver.com\/nl\/wp-json\/wp\/v2\/tags?post=9000"}],"curies":[{"name":"wp","href":"https:\/\/api.w.org\/{rel}","templated":true}]}}